{"id":2964,"date":"2024-07-30T12:18:07","date_gmt":"2024-07-30T15:18:07","guid":{"rendered":"https:\/\/dexcar.com.br\/?p=2964"},"modified":"2024-07-30T12:18:07","modified_gmt":"2024-07-30T15:18:07","slug":"gestao-de-seguranca-do-trabalho","status":"publish","type":"post","link":"http:\/\/p2think.net.br\/dexcar\/gestao-de-seguranca-do-trabalho\/","title":{"rendered":"Caracter\u00edsticas de uma Eficaz Gest\u00e3o de Seguran\u00e7a do Trabalho"},"content":{"rendered":"<p>A <strong>gest\u00e3o de seguran\u00e7a do trabalho<\/strong> \u00e9 fundamental para as empresas, isso porque diversos setores podem apresentar atividades que oferecem riscos aos profissionais.<\/p>\n<p>Segundo dados da Previd\u00eancia Social, em 2022, foram registradas cerca de<a href=\"https:\/\/www.trt4.jus.br\/portais\/trt4\/modulos\/noticias\/665516\"> 648.366 Comunica\u00e7\u00f5es de Acidente de Trabalho (CATs)<\/a>.<\/p>\n<p>Com esses riscos t\u00e3o significativos, gerenciar com efici\u00eancia as opera\u00e7\u00f5es de trabalho \u00e9 n\u00e3o apenas uma tarefa importante, mas tamb\u00e9m necess\u00e1ria para diminuir esses n\u00fameros no Brasil.<\/p>\n<p>Ent\u00e3o, para saber mais sobre o que caracteriza uma gest\u00e3o de seguran\u00e7a do trabalho eficaz e proporcionar mais qualidade ao seu ambiente de trabalho, acompanhe este conte\u00fado at\u00e9 o final. Boa leitura!<\/p>\n<p>&nbsp;<\/p>\n<h2>O que \u00e9 gest\u00e3o de seguran\u00e7a do trabalho?<\/h2>\n<p>A <a href=\"https:\/\/dexcar.com.br\/equipe-de-seguranca-do-trabalho\/\">seguran\u00e7a do trabalho<\/a> refere-se ao conjunto de planos e medidas tomadas por uma empresa para <strong>garantir a seguran\u00e7a e sa\u00fade f\u00edsica e mental de seus colaboradores.<\/strong><\/p>\n<p>Sua gest\u00e3o tem como responsabilidade o <strong>planejamento<\/strong>, a <strong>implementa\u00e7\u00e3o<\/strong> e o <strong>monitoramento<\/strong> dessas a\u00e7\u00f5es em prol dos funcion\u00e1rios e da firma, para que todos saiam valorizados nos procedimentos laborais.<\/p>\n<p>Portanto, \u00e9 gra\u00e7as a essa \u00e1rea interdisciplinar que os riscos em um processo produtivo s\u00e3o avaliados e eliminados previamente, prevenindo v\u00e1rios tipos de doen\u00e7as e acidentes relacionados ao trabalho.<\/p>\n<p>&nbsp;<\/p>\n<h2>Qual \u00e9 o papel do gestor de seguran\u00e7a do trabalho?<\/h2>\n<p>Um gestor de<a href=\"https:\/\/dexcar.com.br\/seguranca-do-trabalho-2\/\"> seguran\u00e7a do trabalho<\/a> \u00e9 um profissional respons\u00e1vel pela elabora\u00e7\u00e3o, implanta\u00e7\u00e3o, funcionamento, acompanhamento e avalia\u00e7\u00e3o dos projetos de seguran\u00e7a adotados pela institui\u00e7\u00e3o. Garantindo, assim, a integridade de todos.<\/p>\n<p>Portanto, como esse gerente <strong>dever\u00e1 lidar com diferentes departamentos<\/strong>, \u00e9 necess\u00e1rio que ele saiba se <strong>comunicar de maneira efetiva<\/strong>, al\u00e9m de saber exercer sua fun\u00e7\u00e3o administrativa e de autoridade profissional.<\/p>\n<p>&nbsp;<\/p>\n<h3>Atividades que um gestor de seguran\u00e7a do trabalho pode exercer<\/h3>\n<p>Os gestores de seguran\u00e7a s\u00e3o capacitados para realizar uma s\u00e9rie de tarefas, j\u00e1 que atuam em uma \u00e1rea de amplos segmentos. Entre elas, destacam-se:<\/p>\n<p>&nbsp;<\/p>\n<ul>\n<li>Desenvolvimento de a\u00e7\u00f5es de seguran\u00e7a do trabalho;<\/li>\n<li>Emiss\u00e3o de documentos, como Comunica\u00e7\u00e3o de Acidente de Trabalho (CAT);<\/li>\n<li>Avalia\u00e7\u00e3o de potenciais <a href=\"https:\/\/dexcar.com.br\/industria-farmaceutica\/\">riscos<\/a> de acidentes de trabalho;<\/li>\n<li>Acompanhamento e an\u00e1lise dos planos de a\u00e7\u00e3o para preven\u00e7\u00e3o de riscos e doen\u00e7as;<\/li>\n<li>Verifica\u00e7\u00e3o e orienta\u00e7\u00e3o sobre o uso de equipamentos de prote\u00e7\u00e3o individual (EPIs);<\/li>\n<li>Entre outros.<\/li>\n<\/ul>\n<p>&nbsp;<\/p>\n<h2>Qual \u00e9 a m\u00e9dia salarial deste profissional?<\/h2>\n<p>Conforme o site de empregos <a href=\"https:\/\/www.catho.com.br\/profissoes\/gerente-de-seguranca-do-trabalho\/\">Catho<\/a>, a m\u00e9dia salarial de um gestor ou gerente de seguran\u00e7a do trabalho \u00e9 de R$10.760,55, mas esse valor varia por estado.<\/p>\n<p>&nbsp;<\/p>\n<h2>Gest\u00e3o de seguran\u00e7a do Trabalho: Normas Regulamentadoras (NRs)<\/h2>\n<p>Segundo o Minist\u00e9rio do Trabalho e Previd\u00eancia, as normas regulamentadoras s\u00e3o disposi\u00e7\u00f5es complementares ao cap\u00edtulo V da Consolida\u00e7\u00e3o das Leis Trabalhistas (CLT) que regulam as obriga\u00e7\u00f5es, direitos e deveres dos empregadores e empregados<\/p>\n<p>Elas s\u00e3o, ao todo, trinta e sete (pois a segunda foi revogada em 2019) e objetivam garantir ambientes e atividades de trabalho seguros e sadios, prevenindo doen\u00e7as e evitando acidentes. <a href=\"https:\/\/www.gov.br\/trabalho-e-previdencia\/pt-br\/composicao\/orgaos-especificos\/secretaria-de-trabalho\/inspecao\/seguranca-e-saude-no-trabalho\/ctpp-nrs\/normas-regulamentadoras-nrs\">Confira cada uma delas.<\/a><\/p>\n<p>&nbsp;<\/p>\n<h2>Os 4 principais objetivos da seguran\u00e7a do trabalho<\/h2>\n<p>A seguran\u00e7a do trabalho tem seus objetivos pr\u00f3prios. Afinal, ela \u00e9 uma \u00e1rea de grande influ\u00eancia para os processos laborais. Confira 4 desses principais objetivos:<\/p>\n<p>&nbsp;<\/p>\n<h3>1 &#8211; Promover a sa\u00fade e seguran\u00e7a dos colaboradores<\/h3>\n<p>Um dos primeiros objetivos da seguran\u00e7a do trabalho \u00e9 a promo\u00e7\u00e3o da sa\u00fade e da prote\u00e7\u00e3o dos funcion\u00e1rios. Portanto, <strong>toda a\u00e7\u00e3o vinda dessa \u00e1rea tem o intuito de garantir esses direitos.<\/strong><\/p>\n<p>&nbsp;<\/p>\n<h3>2 &#8211; Melhorar as condi\u00e7\u00f5es de trabalho<\/h3>\n<p>As condi\u00e7\u00f5es de trabalho sempre geraram grandes discuss\u00f5es historicamente. Logo, \u00e9, tamb\u00e9m, papel dela aperfei\u00e7oar as situa\u00e7\u00f5es que os colaboradores se encontram para trabalhar. Evitando explora\u00e7\u00f5es ou inadequa\u00e7\u00f5es que coloquem em risco a seguran\u00e7a e integridade f\u00edsica dos profissionais.<\/p>\n<p>&nbsp;<\/p>\n<h3>3 &#8211; Tornar os ambientes de trabalho mais seguros<\/h3>\n<p>Al\u00e9m das condi\u00e7\u00f5es de trabalho, os ambientes no qual os funcion\u00e1rios de uma empresa trabalham tamb\u00e9m s\u00e3o uma preocupa\u00e7\u00e3o para a seguran\u00e7a do trabalho. Torn\u00e1-los mais agrad\u00e1veis e seguros \u00e9 um dos objetivos.<\/p>\n<p>&nbsp;<\/p>\n<h3>4 &#8211; Conciliar desenvolvimento profissional com qualidade de trabalho<\/h3>\n<p>Com sua proposta de reeducar a todos, entre outras a\u00e7\u00f5es, ela pretende <strong>encontrar o equil\u00edbrio entre efici\u00eancia produtiva e qualidade de trabalho.<\/strong> Afinal, seguran\u00e7a e desempenho podem estar fortemente interligados.<\/p>\n<p>&nbsp;<\/p>\n<h2>Como evitar acidentes comuns no trabalho?<\/h2>\n<p>Alguns tipos de acidentes ocorrem com maior frequ\u00eancia em diferentes \u00e1reas. Por isso, aqui vai uma lista com 7 dicas para evitar que eles ocorram na sua empresa tamb\u00e9m.<\/p>\n<p>&nbsp;<\/p>\n<ul>\n<li>Utilize equipamentos de prote\u00e7\u00e3o individual (EPIs) e coletivos (EPCs);<\/li>\n<li>Mantenha sempre livre as \u00e1reas de circula\u00e7\u00e3o;<\/li>\n<li>Fa\u00e7a verifica\u00e7\u00f5es peri\u00f3dicas nos equipamentos;<\/li>\n<li>Siga as regulamenta\u00e7\u00f5es de seguran\u00e7a;<\/li>\n<li>Fique atento a poss\u00edveis preocupa\u00e7\u00f5es dos colaboradores;<\/li>\n<li>Utilize e forne\u00e7a ferramentas adequadas;<\/li>\n<li>Monitore com frequ\u00eancia o n\u00famero de acidentes na empresa e encontre formas de reduzi-los ao m\u00e1ximo.<\/li>\n<\/ul>\n<p>&nbsp;<\/p>\n<p>Entretanto, mesmo com essas medidas, o ideal \u00e9 possuir um plano para <strong>gest\u00e3o de seguran\u00e7a do trabalho<\/strong>, pois ele poder\u00e1 trazer muito mais efic\u00e1cia no processo.<\/p>\n<p>&nbsp;<\/p>\n<h2>Como implementar um programa de seguran\u00e7a do trabalho na empresa?<\/h2>\n<p>\u00c9 recomend\u00e1vel sempre contar com um gestor da \u00e1rea. Mas para iniciar a implanta\u00e7\u00e3o de um programa de seguran\u00e7a do trabalho eficiente na sua empresa, voc\u00ea pode seguir estes passos:<\/p>\n<p>&nbsp;<\/p>\n<h3>Identifique os principais riscos<\/h3>\n<p>Voc\u00ea precisa <strong>coletar informa\u00e7\u00f5es e avaliar as poss\u00edveis amea\u00e7as<\/strong> no seu ambiente de trabalho. Isso pode ser feito atrav\u00e9s da CIPA (Comiss\u00e3o Interna de Preven\u00e7\u00e3o de Acidentes) prevista na<a href=\"https:\/\/www.gov.br\/trabalho-e-previdencia\/pt-br\/composicao\/orgaos-especificos\/secretaria-de-trabalho\/inspecao\/seguranca-e-saude-no-trabalho\/ctpp-nrs\/norma-regulamentadora-no-5-nr-5\"> NR-5.<\/a><\/p>\n<p>&nbsp;<\/p>\n<h3>Crie um plano de a\u00e7\u00f5es<\/h3>\n<p>A partir dos dados obtidos, voc\u00ea poder\u00e1 <strong>indicar quais ser\u00e3o os pr\u00f3ximos passos<\/strong> a serem tomados, <strong>visando eliminar os riscos identificados.<\/strong> Prefira reunir todas as a\u00e7\u00f5es em um \u00fanico projeto.<\/p>\n<p>&nbsp;<\/p>\n<h3>Aplique as medidas adotadas<\/h3>\n<p>Com o plano pronto, \u00e9 necess\u00e1rio <strong>tirar o projeto do papel e aplic\u00e1-lo.<\/strong> Procure sempre seguir as modifica\u00e7\u00f5es previstas, readaptando a rotina de trabalho, se for preciso.<\/p>\n<p>&nbsp;<\/p>\n<h3>Monitore os resultados<\/h3>\n<p>Essa parte n\u00e3o pode ser omitida. Afinal, \u00e9 com um acompanhamento di\u00e1rio e ass\u00edduo que voc\u00ea poder\u00e1 analisar os resultados obtidos e se as a\u00e7\u00f5es tomadas tiveram o efeito esperado.<\/p>\n<p>&nbsp;<\/p>\n<h3>Fa\u00e7a as altera\u00e7\u00f5es necess\u00e1rias<\/h3>\n<p>O monitoramento dir\u00e1 o que melhorou e o que continua ruim. Ent\u00e3o, \u00e9 necess\u00e1rio estar aberto as readapta\u00e7\u00f5es mesmo ap\u00f3s o plano de a\u00e7\u00f5es, para uma eficaz gest\u00e3o de seguran\u00e7a do trabalho.<\/p>\n<p>&nbsp;<\/p>\n<h2>Caracter\u00edsticas de uma gest\u00e3o de seguran\u00e7a do trabalho eficaz<\/h2>\n<p>Com um programa de gest\u00e3o de seguran\u00e7a do trabalho adotado e implantado, \u00e9 necess\u00e1rio estar atento \u00e0 efici\u00eancia desse plano. Portanto, aqui v\u00e3o alguns pontos que podem caracterizar uma gest\u00e3o eficaz. Acompanhe:<\/p>\n<p>&nbsp;<\/p>\n<h3>Trabalhadores mais satisfeitos<\/h3>\n<p>Quando se cria um ambiente de trabalho mais seguro, os colaboradores podem se sentir mais <strong>valorizados e pertencentes \u00e0quele ambiente<\/strong> e ao futuro da empresa.<\/p>\n<p>&nbsp;<\/p>\n<h3>Melhores rela\u00e7\u00f5es de trabalho<\/h3>\n<p>As rela\u00e7\u00f5es de trabalho podem ser significativamente influenciadas por uma gest\u00e3o de seguran\u00e7a do trabalho competente. Afinal, os trabalhadores estar\u00e3o em um ambiente mais agrad\u00e1vel.<\/p>\n<p>Poss\u00edveis individualidades e rivalidades pessoais podem ser eliminadas, <strong>proporcionando um melhor entendimento entre os funcion\u00e1rios e uma comunica\u00e7\u00e3o interna muito mais eficiente<\/strong>. Isso pode interferir, tamb\u00e9m, nos processos produtivos.<\/p>\n<p>&nbsp;<\/p>\n<h3>Maior produtividade<\/h3>\n<p>Mais tranquilos a respeito dos servi\u00e7os, n\u00e3o haver\u00e1 inseguran\u00e7as ou grandes preocupa\u00e7\u00f5es que impe\u00e7am os colaboradores de realizar suas tarefas no tempo adequado, esperado.<\/p>\n<p>Para mais, uma maior produtividade pode, tamb\u00e9m, ser uma forma de agradecimento pela empatia adotada pela empresa para com eles. Pois demonstra que eles apreciam sua valoriza\u00e7\u00e3o no ambiente de trabalho.<\/p>\n<p>&nbsp;<\/p>\n<h3>Diminui\u00e7\u00e3o da taxa de turnover<\/h3>\n<p>Sem grandes <a href=\"https:\/\/dexcar.com.br\/riscos-ocupacionais-em-cozinhas\/\">riscos<\/a> de sofrer acidentes ou contrair doen\u00e7as, as taxas de turnover, que avaliam a rotatividade dos funcion\u00e1rios de uma empresa, podem diminuir, ou seja, haver\u00e1 menos pedidos de dispensa.<\/p>\n<p>&nbsp;<\/p>\n<h2>Considera\u00e7\u00f5es finais<\/h2>\n<p>Uma boa gest\u00e3o de seguran\u00e7a do trabalho contribui ativamente para a integridade f\u00edsica dos colaboradores nas organiza\u00e7\u00f5es.<\/p>\n<p>Inclusive, a utiliza\u00e7\u00e3o de equipamentos de prote\u00e7\u00e3o individual \u00e9 um fator fundamental para que essa gest\u00e3o seja eficaz.<\/p>\n<p>Preparamos um Guia Especial com <a href=\"https:\/\/dexcar.rds.land\/seguranca-do-trabalho-12-informacoes-essenciais\">12 Informa\u00e7\u00f5es Essenciais sobre Seguran\u00e7a do Trabalho.<\/a> Clique e baixe para consultar sempre que precisar.<\/p>\n<p>&nbsp;<\/p>\n<p>&nbsp;<\/p>\n<p>&nbsp;<\/p>\n<p>Publicado em: 10.02.23<\/p>\n<p>Atualizado em 30.07.24<\/p>\n","protected":false},"excerpt":{"rendered":"<p>A gest\u00e3o de seguran\u00e7a do trabalho \u00e9 fundamental para as empresas, isso porque diversos setores podem apresentar atividades que oferecem riscos aos profissionais. Segundo dados da Previd\u00eancia Social, em 2022, foram registradas cerca de 648.366 Comunica\u00e7\u00f5es de Acidente de Trabalho (CATs). Com esses riscos t\u00e3o significativos, gerenciar com efici\u00eancia as opera\u00e7\u00f5es de trabalho \u00e9 n\u00e3o [&hellip;]<\/p>\n","protected":false},"author":2,"featured_media":2965,"comment_status":"open","ping_status":"open","sticky":false,"template":"","format":"standard","meta":{"footnotes":""},"categories":[35,34,31],"tags":[],"class_list":["post-2964","post","type-post","status-publish","format-standard","has-post-thumbnail","hentry","category-destaque","category-destaque-banner-topo","category-seguranca-do-trabalho"],"_links":{"self":[{"href":"http:\/\/p2think.net.br\/dexcar\/wp-json\/wp\/v2\/posts\/2964","targetHints":{"allow":["GET"]}}],"collection":[{"href":"http:\/\/p2think.net.br\/dexcar\/wp-json\/wp\/v2\/posts"}],"about":[{"href":"http:\/\/p2think.net.br\/dexcar\/wp-json\/wp\/v2\/types\/post"}],"author":[{"embeddable":true,"href":"http:\/\/p2think.net.br\/dexcar\/wp-json\/wp\/v2\/users\/2"}],"replies":[{"embeddable":true,"href":"http:\/\/p2think.net.br\/dexcar\/wp-json\/wp\/v2\/comments?post=2964"}],"version-history":[{"count":0,"href":"http:\/\/p2think.net.br\/dexcar\/wp-json\/wp\/v2\/posts\/2964\/revisions"}],"wp:featuredmedia":[{"embeddable":true,"href":"http:\/\/p2think.net.br\/dexcar\/wp-json\/"}],"wp:attachment":[{"href":"http:\/\/p2think.net.br\/dexcar\/wp-json\/wp\/v2\/media?parent=2964"}],"wp:term":[{"taxonomy":"category","embeddable":true,"href":"http:\/\/p2think.net.br\/dexcar\/wp-json\/wp\/v2\/categories?post=2964"},{"taxonomy":"post_tag","embeddable":true,"href":"http:\/\/p2think.net.br\/dexcar\/wp-json\/wp\/v2\/tags?post=2964"}],"curies":[{"name":"wp","href":"https:\/\/api.w.org\/{rel}","templated":true}]}}